{"id":19148,"date":"2026-08-31T09:41:21","date_gmt":"2026-08-31T15:41:21","guid":{"rendered":"https:\/\/www.capilclinic.mx\/blog\/?p=19148"},"modified":"2026-08-31T10:51:59","modified_gmt":"2026-08-31T16:51:59","slug":"implante-capilar-verano","status":"publish","type":"post","link":"https:\/\/www.capilclinic.mx\/blog\/implante-capilar-verano\/","title":{"rendered":"Implante capilar en verano, mitos y realidad"},"content":{"rendered":"<div id=\"ez-toc-container\" class=\"ez-toc-v2_0_87 counter-hierarchy ez-toc-counter ez-toc-grey ez-toc-container-direction\">\n<div class=\"ez-toc-title-container\">\n<p class=\"ez-toc-title\" style=\"cursor:inherit\">Contenidos<\/p>\n<span class=\"ez-toc-title-toggle\"><a href=\"#\" class=\"ez-toc-pull-right ez-toc-btn ez-toc-btn-xs ez-toc-btn-default ez-toc-toggle\" aria-label=\"Toggle Table of Content\"><span class=\"ez-toc-js-icon-con\"><span class=\"\"><span class=\"eztoc-hide\" style=\"display:none;\">Toggle<\/span><span class=\"ez-toc-icon-toggle-span\"><svg style=\"fill: #999;color:#999\" xmlns=\"http:\/\/www.w3.org\/2000\/svg\" class=\"list-377408\" width=\"20px\" height=\"20px\" viewBox=\"0 0 24 24\" fill=\"none\"><path d=\"M6 6H4v2h2V6zm14 0H8v2h12V6zM4 11h2v2H4v-2zm16 0H8v2h12v-2zM4 16h2v2H4v-2zm16 0H8v2h12v-2z\" fill=\"currentColor\"><\/path><\/svg><svg style=\"fill: #999;color:#999\" class=\"arrow-unsorted-368013\" xmlns=\"http:\/\/www.w3.org\/2000\/svg\" width=\"10px\" height=\"10px\" viewBox=\"0 0 24 24\" version=\"1.2\" baseProfile=\"tiny\"><path d=\"M18.2 9.3l-6.2-6.3-6.2 6.3c-.2.2-.3.4-.3.7s.1.5.3.7c.2.2.4.3.7.3h11c.3 0 .5-.1.7-.3.2-.2.3-.5.3-.7s-.1-.5-.3-.7zM5.8 14.7l6.2 6.3 6.2-6.3c.2-.2.3-.5.3-.7s-.1-.5-.3-.7c-.2-.2-.4-.3-.7-.3h-11c-.3 0-.5.1-.7.3-.2.2-.3.5-.3.7s.1.5.3.7z\"\/><\/svg><\/span><\/span><\/span><\/a><\/span><\/div>\n<nav><ul class='ez-toc-list ez-toc-list-level-1 ' ><li class='ez-toc-page-1 ez-toc-heading-level-2'><a class=\"ez-toc-link ez-toc-heading-1\" href=\"https:\/\/www.capilclinic.mx\/blog\/implante-capilar-verano\/#Implante_capilar_en_verano_%C2%BFes_realmente_viable_operarse_en_epoca_de_calor\" >Implante capilar en verano: \u00bfes realmente viable operarse en \u00e9poca de calor?<\/a><\/li><li class='ez-toc-page-1 ez-toc-heading-level-2'><a class=\"ez-toc-link ez-toc-heading-2\" href=\"https:\/\/www.capilclinic.mx\/blog\/implante-capilar-verano\/#Mitos_comunes_sobre_el_implante_capilar_en_verano\" >Mitos comunes sobre el implante capilar en verano<\/a><ul class='ez-toc-list-level-3' ><li class='ez-toc-heading-level-3'><a class=\"ez-toc-link ez-toc-heading-3\" href=\"https:\/\/www.capilclinic.mx\/blog\/implante-capilar-verano\/#Mito_1_el_sudor_arruina_el_injerto_capilar\" >Mito 1: el sudor arruina el injerto capilar<\/a><\/li><li class='ez-toc-page-1 ez-toc-heading-level-3'><a class=\"ez-toc-link ez-toc-heading-4\" href=\"https:\/\/www.capilclinic.mx\/blog\/implante-capilar-verano\/#Mito_2_no_puedes_salir_a_la_calle_por_el_sol_tras_un_trasplante_capilar\" >Mito 2: no puedes salir a la calle por el sol tras un trasplante capilar<\/a><\/li><li class='ez-toc-page-1 ez-toc-heading-level-3'><a class=\"ez-toc-link ez-toc-heading-5\" href=\"https:\/\/www.capilclinic.mx\/blog\/implante-capilar-verano\/#Mito_3_esta_prohibido_nadar_despues_de_un_injerto_cabello_CDMX\" >Mito 3: est\u00e1 prohibido nadar despu\u00e9s de un injerto cabello CDMX<\/a><\/li><\/ul><\/li><li class='ez-toc-page-1 ez-toc-heading-level-2'><a class=\"ez-toc-link ez-toc-heading-6\" href=\"https:\/\/www.capilclinic.mx\/blog\/implante-capilar-verano\/#Ventajas_reales_de_realizarse_un_implante_capilar_en_verano\" >Ventajas reales de realizarse un implante capilar en verano<\/a><ul class='ez-toc-list-level-3' ><li class='ez-toc-heading-level-3'><a class=\"ez-toc-link ez-toc-heading-7\" href=\"https:\/\/www.capilclinic.mx\/blog\/implante-capilar-verano\/#Mayor_disponibilidad_de_dias_de_descanso_para_tu_recuperacion\" >Mayor disponibilidad de d\u00edas de descanso para tu recuperaci\u00f3n<\/a><\/li><li class='ez-toc-page-1 ez-toc-heading-level-3'><a class=\"ez-toc-link ez-toc-heading-8\" href=\"https:\/\/www.capilclinic.mx\/blog\/implante-capilar-verano\/#Planificacion_estrategica_para_lucir_resultados_en_fin_de_ano\" >Planificaci\u00f3n estrat\u00e9gica para lucir resultados en fin de a\u00f1o<\/a><\/li><\/ul><\/li><li class='ez-toc-page-1 ez-toc-heading-level-2'><a class=\"ez-toc-link ez-toc-heading-9\" href=\"https:\/\/www.capilclinic.mx\/blog\/implante-capilar-verano\/#Tabla_comparativa_implante_capilar_en_verano_vs_invierno\" >Tabla comparativa: implante capilar en verano vs. invierno<\/a><\/li><li class='ez-toc-page-1 ez-toc-heading-level-2'><a class=\"ez-toc-link ez-toc-heading-10\" href=\"https:\/\/www.capilclinic.mx\/blog\/implante-capilar-verano\/#Cuidados_esenciales_tras_un_implante_capilar_en_verano\" >Cuidados esenciales tras un implante capilar en verano<\/a><ul class='ez-toc-list-level-3' ><li class='ez-toc-heading-level-3'><a class=\"ez-toc-link ez-toc-heading-11\" href=\"https:\/\/www.capilclinic.mx\/blog\/implante-capilar-verano\/#Proteccion_contra_los_rayos_solares_y_el_sudor_excesivo\" >Protecci\u00f3n contra los rayos solares y el sudor excesivo<\/a><\/li><li class='ez-toc-page-1 ez-toc-heading-level-3'><a class=\"ez-toc-link ez-toc-heading-12\" href=\"https:\/\/www.capilclinic.mx\/blog\/implante-capilar-verano\/#Protocolo_de_hidratacion_y_lavado_en_climas_calidos_como_el_injerto_cabello_CDMX\" >Protocolo de hidrataci\u00f3n y lavado en climas c\u00e1lidos como el injerto cabello CDMX<\/a><\/li><\/ul><\/li><li class='ez-toc-page-1 ez-toc-heading-level-2'><a class=\"ez-toc-link ez-toc-heading-13\" href=\"https:\/\/www.capilclinic.mx\/blog\/implante-capilar-verano\/#Preguntas_frecuentes_FAQ\" >Preguntas frecuentes (FAQ)<\/a><ul class='ez-toc-list-level-3' ><li class='ez-toc-heading-level-3'><a class=\"ez-toc-link ez-toc-heading-14\" href=\"https:\/\/www.capilclinic.mx\/blog\/implante-capilar-verano\/#%C2%BFCuanto_tiempo_debo_esperar_para_meterme_a_la_alberca_o_al_mar_tras_un_implante_capilar_en_verano\" >\u00bfCu\u00e1nto tiempo debo esperar para meterme a la alberca o al mar tras un implante capilar en verano?<\/a><\/li><li class='ez-toc-page-1 ez-toc-heading-level-3'><a class=\"ez-toc-link ez-toc-heading-15\" href=\"https:\/\/www.capilclinic.mx\/blog\/implante-capilar-verano\/#%C2%BFPuedo_usar_gorra_o_sombrero_tras_un_injerto_cabello_CDMX_bajo_el_sol_de_verano\" >\u00bfPuedo usar gorra o sombrero tras un injerto cabello CDMX bajo el sol de verano?<\/a><\/li><li class='ez-toc-page-1 ez-toc-heading-level-3'><a class=\"ez-toc-link ez-toc-heading-16\" href=\"https:\/\/www.capilclinic.mx\/blog\/implante-capilar-verano\/#%C2%BFEl_sudor_en_exceso_afecta_el_crecimiento_en_un_injerto_capilar\" >\u00bfEl sudor en exceso afecta el crecimiento en un injerto capilar?<\/a><\/li><li class='ez-toc-page-1 ez-toc-heading-level-3'><a class=\"ez-toc-link ez-toc-heading-17\" href=\"https:\/\/www.capilclinic.mx\/blog\/implante-capilar-verano\/#%C2%BFEs_mejor_agendar_un_trasplante_capilar_en_verano_o_esperar_al_invierno\" >\u00bfEs mejor agendar un trasplante capilar en verano o esperar al invierno?<\/a><\/li><li class='ez-toc-page-1 ez-toc-heading-level-3'><a class=\"ez-toc-link ez-toc-heading-18\" href=\"https:\/\/www.capilclinic.mx\/blog\/implante-capilar-verano\/#%C2%BFQue_cuidados_especiales_requiere_un_injerto_capilar_si_vivo_en_una_zona_calurosa\" >\u00bfQu\u00e9 cuidados especiales requiere un injerto capilar si vivo en una zona calurosa?<\/a><\/li><\/ul><\/li><li class='ez-toc-page-1 ez-toc-heading-level-2'><a class=\"ez-toc-link ez-toc-heading-19\" href=\"https:\/\/www.capilclinic.mx\/blog\/implante-capilar-verano\/#Conclusion\" >Conclusi\u00f3n<\/a><\/li><\/ul><\/nav><\/div>\n<p>Realizarse un <strong>implante capilar en verano<\/strong> es una alternativa totalmente segura si sigues las indicaciones m\u00e9dicas adecuadas. Muchas personas creen que el calor arruina el procedimiento, pero la medicina capilar moderna ha demostrado lo contrario. Al buscar opciones para un <a href=\"https:\/\/www.capilclinic.mx\/blog\/injerto-cabello-cdmx\/\" target=\"_blank\" rel=\"noopener\"><strong>injerto cabello CDMX<\/strong><\/a>, es com\u00fan dudar sobre la \u00e9poca del a\u00f1o m\u00e1s conveniente para la intervenci\u00f3n. Sin embargo, no hay razones biol\u00f3gicas para postergar el cambio que deseas.<\/p>\n<p>Planificar un <strong>injerto capilar<\/strong> durante los meses c\u00e1lidos ofrece beneficios log\u00edsticos que no debes ignorar. Las vacaciones facilitan el reposo necesario para que los fol\u00edculos se fijen sin estr\u00e9s laboral. Si eval\u00faas someterte a un <strong>trasplante capilar<\/strong>, la clave est\u00e1 en cuidar la piel adecuadamente. La temperatura ambiente no afecta la tasa de supervivencia de los fol\u00edculos injertados.<\/p>\n<h2><span class=\"ez-toc-section\" id=\"Implante_capilar_en_verano_%C2%BFes_realmente_viable_operarse_en_epoca_de_calor\"><\/span><b>Implante capilar en verano: \u00bfes realmente viable operarse en \u00e9poca de calor?<\/b><span class=\"ez-toc-section-end\"><\/span><\/h2>\n<p><img loading=\"lazy\" decoding=\"async\" class=\"aligncenter wp-image-19150 size-full\" src=\"https:\/\/www.capilclinic.mx\/blog\/wp-content\/uploads\/2025\/07\/Implante-capilar-en-verano.jpg\" alt=\"Implante capilar en verano - Hombre joven al aire libre despu\u00e9s de un injerto capilar CDMX durante el verano\" width=\"600\" height=\"400\" srcset=\"https:\/\/www.capilclinic.mx\/blog\/wp-content\/uploads\/2025\/07\/Implante-capilar-en-verano.jpg 600w, https:\/\/www.capilclinic.mx\/blog\/wp-content\/uploads\/2025\/07\/Implante-capilar-en-verano-300x200.jpg 300w\" sizes=\"auto, (max-width: 600px) 100vw, 600px\" \/><\/p>\n<p><strong>La realizaci\u00f3n de un implante capilar en verano es totalmente viable si mantienes las medidas de protecci\u00f3n m\u00e9dica adecuadas<\/strong>. Los fol\u00edculos reci\u00e9n implantados se fijan con firmeza a la dermis durante los primeros cuatro a seis d\u00edas posteriores. El calor ambiental no altera la vascularizaci\u00f3n ni perjudica la supervivencia folicular inicial.<\/p>\n<p>En cl\u00ednicas especializadas en <strong>injerto cabello CDMX<\/strong>, la tasa de retenci\u00f3n folicular en meses c\u00e1lidos supera el 96 %. La vasodilataci\u00f3n inducida por temperaturas agradables estimula la circulaci\u00f3n sangu\u00ednea en el cuero cabelludo. Este fen\u00f3meno biol\u00f3gico favorece la llegada constante de ox\u00edgeno y nutrientes hacia cada injerto.<\/p>\n<p>Por consiguiente, realizarse un injerto capilar en \u00e9poca calurosa no representa un riesgo para la regeneraci\u00f3n capilar. <strong>La clave radica en controlar la exposici\u00f3n directa al entorno durante los primeros d\u00edas<\/strong>. El \u00e9xito final depender\u00e1 siempre de la pericia t\u00e9cnica y de tu disciplina personal.<\/p>\n<h2><span class=\"ez-toc-section\" id=\"Mitos_comunes_sobre_el_implante_capilar_en_verano\"><\/span><b>Mitos comunes sobre el implante capilar en verano<\/b><span class=\"ez-toc-section-end\"><\/span><\/h2>\n<p><img loading=\"lazy\" decoding=\"async\" class=\"aligncenter wp-image-19151 size-full\" src=\"https:\/\/www.capilclinic.mx\/blog\/wp-content\/uploads\/2025\/07\/Como-influyen-las-altas-temperaturas-en-el-injerto-de-cabello.jpg\" alt=\"Implante capilar en verano - Hombre joven dudando de la temperatura y el sol que puede afectar el injerto cabello CDMX\" width=\"600\" height=\"400\" srcset=\"https:\/\/www.capilclinic.mx\/blog\/wp-content\/uploads\/2025\/07\/Como-influyen-las-altas-temperaturas-en-el-injerto-de-cabello.jpg 600w, https:\/\/www.capilclinic.mx\/blog\/wp-content\/uploads\/2025\/07\/Como-influyen-las-altas-temperaturas-en-el-injerto-de-cabello-300x200.jpg 300w\" sizes=\"auto, (max-width: 600px) 100vw, 600px\" \/><\/p>\n<p><strong>Existen diversas creencias err\u00f3neas que generan dudas innecesarias antes de someterse a un implante capilar en verano<\/strong>. Analizar cr\u00edticamente las falsas ideas sobre el <a href=\"https:\/\/www.capilclinic.mx\/blog\/postoperatorio-trasplante-capilar\/\" target=\"_blank\" rel=\"noopener\"><strong>trasplante capilar<\/strong><\/a> permite tomar decisiones est\u00e9ticas con absoluta seguridad m\u00e9dica:<\/p>\n<h3><span class=\"ez-toc-section\" id=\"Mito_1_el_sudor_arruina_el_injerto_capilar\"><\/span><b>Mito 1: el sudor arruina el injerto capilar<\/b><span class=\"ez-toc-section-end\"><\/span><\/h3>\n<p><img loading=\"lazy\" decoding=\"async\" class=\"aligncenter wp-image-19152 size-full\" src=\"https:\/\/www.capilclinic.mx\/blog\/wp-content\/uploads\/2025\/07\/Es-malo-el-exceso-de-sudor-durante-el-postoperatorio.jpg\" alt=\"Implante capilar en verano - Hombre sec\u00e1ndose el sudor bajo el sol que puede afectar el trasplante capilar CDMX y ocasionar infecci\u00f3n en el cuero cabelludo\" width=\"600\" height=\"400\" srcset=\"https:\/\/www.capilclinic.mx\/blog\/wp-content\/uploads\/2025\/07\/Es-malo-el-exceso-de-sudor-durante-el-postoperatorio.jpg 600w, https:\/\/www.capilclinic.mx\/blog\/wp-content\/uploads\/2025\/07\/Es-malo-el-exceso-de-sudor-durante-el-postoperatorio-300x200.jpg 300w\" sizes=\"auto, (max-width: 600px) 100vw, 600px\" \/><\/p>\n<p><strong>Es completamente falso que la transpiraci\u00f3n natural destruya o desprenda los fol\u00edculos durante el proceso de cicatrizaci\u00f3n inicial<\/strong>. El sudor est\u00e1 compuesto en un 99 % por agua y sales minerales que no alteran la supervivencia folicular:<\/p>\n<ul>\n<li><strong>Composici\u00f3n salina inofensiva<\/strong>: La transpiraci\u00f3n natural no disuelve la estructura biol\u00f3gica ni compromete la salud de tu injerto capilar.<\/li>\n<li><strong>Fijaci\u00f3n folicular acelerada<\/strong>: Los microinjertos quedan firmemente adheridos al tejido subcut\u00e1neo dentro de las primeras 72 horas posteriores a la cirug\u00eda.<\/li>\n<li><strong>Higiene m\u00e9dica controlada<\/strong>: Un lavado suave con soluci\u00f3n salina retira cualquier acumulaci\u00f3n de sudor sin da\u00f1ar las unidades en desarrollo.<\/li>\n<li><strong>Cuidado folicular general<\/strong>: Al someterte a un trasplante capilar, la sudoraci\u00f3n moderada de reposo no incrementa las tasas de rechazo tisular.<\/li>\n<li><strong>Precauci\u00f3n ante el sudor profuso<\/strong>: \u00danicamente debes evitar la sudoraci\u00f3n copiosa derivada del ejercicio f\u00edsico intenso durante las semanas iniciales del implante capilar en verano.<\/li>\n<\/ul>\n<h3><span class=\"ez-toc-section\" id=\"Mito_2_no_puedes_salir_a_la_calle_por_el_sol_tras_un_trasplante_capilar\"><\/span><b>Mito 2: no puedes salir a la calle por el sol tras un trasplante capilar<\/b><span class=\"ez-toc-section-end\"><\/span><\/h3>\n<p><img loading=\"lazy\" decoding=\"async\" class=\"aligncenter wp-image-19153 size-full\" src=\"https:\/\/www.capilclinic.mx\/blog\/wp-content\/uploads\/2025\/07\/Existe-una-epoca-del-ano-optima-para-realizarse-un-trasplante-capilar.jpg\" alt=\"Hombre feliz peinando su pelo abundante luego de un injerto cabello CDMX\" width=\"600\" height=\"400\" srcset=\"https:\/\/www.capilclinic.mx\/blog\/wp-content\/uploads\/2025\/07\/Existe-una-epoca-del-ano-optima-para-realizarse-un-trasplante-capilar.jpg 600w, https:\/\/www.capilclinic.mx\/blog\/wp-content\/uploads\/2025\/07\/Existe-una-epoca-del-ano-optima-para-realizarse-un-trasplante-capilar-300x200.jpg 300w\" sizes=\"auto, (max-width: 600px) 100vw, 600px\" \/><\/p>\n<p><strong>Es un mito infundado sostener que debas permanecer encerrado en casa sin poder salir tras la cirug\u00eda<\/strong>. Puedes caminar al aire libre usando sombreros holgados aprobados por tu especialista desde los primeros d\u00edas:<\/p>\n<ul>\n<li><strong>Protecci\u00f3n f\u00edsica adecuada<\/strong>: Tras realizarte un trasplante capilar, puedes salir a la calle protegiendo la zona con sombreros amplios sin roce.<\/li>\n<li><strong>Sombra directa garantizada<\/strong>: Evitar la radiaci\u00f3n solar directa durante las horas centrales del d\u00eda previene manchas en la dermis tratada.<\/li>\n<li><strong>Vida social activa<\/strong>: Las personas que optan por un injerto cabello CDMX pueden continuar su rutina paseando tranquilamente a la sombra.<\/li>\n<li><strong>Salud celular continua<\/strong>: La luz ambiental de la ma\u00f1ana o al atardecer no perjudica en absoluto el desarrollo de las unidades foliculares.<\/li>\n<li><strong>Prevenci\u00f3n en un implante capilar en verano<\/strong>: Mantener la zona protegida evita inflamaciones t\u00e9rmicas innecesarias sin requerir un aislamiento prolongado.<\/li>\n<\/ul>\n<h3><span class=\"ez-toc-section\" id=\"Mito_3_esta_prohibido_nadar_despues_de_un_injerto_cabello_CDMX\"><\/span><b>Mito 3: est\u00e1 prohibido nadar despu\u00e9s de un injerto cabello CDMX<\/b><span class=\"ez-toc-section-end\"><\/span><\/h3>\n<p><img loading=\"lazy\" decoding=\"async\" class=\"aligncenter wp-image-19154 size-full\" src=\"https:\/\/www.capilclinic.mx\/blog\/wp-content\/uploads\/2025\/07\/Precauciones-a-tomar-tras-una-cirugia-de-injerto-capilar-en-verano.jpg\" alt=\"Hombre usando una gorra para proteger el cuero cabelludo de los rayos UV y no da\u00f1ar el injerto de cabello CDMX\" width=\"600\" height=\"400\" srcset=\"https:\/\/www.capilclinic.mx\/blog\/wp-content\/uploads\/2025\/07\/Precauciones-a-tomar-tras-una-cirugia-de-injerto-capilar-en-verano.jpg 600w, https:\/\/www.capilclinic.mx\/blog\/wp-content\/uploads\/2025\/07\/Precauciones-a-tomar-tras-una-cirugia-de-injerto-capilar-en-verano-300x200.jpg 300w\" sizes=\"auto, (max-width: 600px) 100vw, 600px\" \/><\/p>\n<p><strong>La prohibici\u00f3n de nadar no es definitiva, sino una medida preventiva de car\u00e1cter estrictamente temporal durante la cicatrizaci\u00f3n<\/strong>. El acceso a albercas y al mar se autoriza m\u00e9dica y formalmente a partir de la cuarta semana postoperatoria:<\/p>\n<ul>\n<li><strong>Restricci\u00f3n por agentes qu\u00edmicos<\/strong>: El cloro de las albercas agrede la barrera cut\u00e1nea en recuperaci\u00f3n tras un injerto cabello CDMX.<\/li>\n<li><strong>Prevenci\u00f3n de bacterias marinas<\/strong>: El agua de mar posee microflora que podr\u00eda irritar los poros antes del cierre completo de las incisiones.<\/li>\n<li><strong>Recuperaci\u00f3n tras un injerto capilar<\/strong>: Hacia el d\u00eda 30, la piel de la zona receptora ha sellado completamente sus microincisiones.<\/li>\n<li><strong>Evaluaci\u00f3n previa del trasplante capilar<\/strong>: El cirujano inspeccionar\u00e1 el estado folicular antes de otorgar el alta para realizar nataci\u00f3n o buceo.<\/li>\n<li><strong>Planificaci\u00f3n del implante capilar en verano<\/strong>: Postergar el contacto prolongado con agua durante un mes asegura un prendimiento folicular del 100 %.<\/li>\n<\/ul>\n<h2><span class=\"ez-toc-section\" id=\"Ventajas_reales_de_realizarse_un_implante_capilar_en_verano\"><\/span><b>Ventajas reales de realizarse un implante capilar en verano<\/b><span class=\"ez-toc-section-end\"><\/span><\/h2>\n<p><img loading=\"lazy\" decoding=\"async\" class=\"aligncenter wp-image-19155 size-full\" src=\"https:\/\/www.capilclinic.mx\/blog\/wp-content\/uploads\/2025\/07\/Como-planificar-correctamente-una-cirugia-de-injerto-capilar.jpg\" alt=\"Hombre en consulta con un m\u00e9dico tric\u00f3logo para realizarse un trasplante capilar CDMX\" width=\"600\" height=\"400\" srcset=\"https:\/\/www.capilclinic.mx\/blog\/wp-content\/uploads\/2025\/07\/Como-planificar-correctamente-una-cirugia-de-injerto-capilar.jpg 600w, https:\/\/www.capilclinic.mx\/blog\/wp-content\/uploads\/2025\/07\/Como-planificar-correctamente-una-cirugia-de-injerto-capilar-300x200.jpg 300w\" sizes=\"auto, (max-width: 600px) 100vw, 600px\" \/><\/p>\n<p><strong>Operarse durante la temporada estival ofrece valiosas ventajas log\u00edsticas y fisiol\u00f3gicas que favorecen la pronta recuperaci\u00f3n del paciente<\/strong>. La disponibilidad de tiempo libre y el incremento de oxigenaci\u00f3n cut\u00e1nea son aspectos altamente beneficiosos. Conoce las ventajas reales de agendar un implante capilar en verano:<\/p>\n<h3><span class=\"ez-toc-section\" id=\"Mayor_disponibilidad_de_dias_de_descanso_para_tu_recuperacion\"><\/span><strong>Mayor disponibilidad de d\u00edas de descanso para tu recuperaci\u00f3n<\/strong><span class=\"ez-toc-section-end\"><\/span><\/h3>\n<p><strong>Disponer de un periodo vacacional extenso representa la mayor ventaja pr\u00e1ctica de operarse en los meses de mayor calor<\/strong>. Un descanso tranquilo y libre de estr\u00e9s reduce un 30 % los niveles de cortisol, acelerando la cicatrizaci\u00f3n:<\/p>\n<ul>\n<li><strong>Reducci\u00f3n del estr\u00e9s cotidiano<\/strong>: Agendar tu injerto capilar en vacaciones te permite reposar en casa libre de presiones o tensiones laborales.<\/li>\n<li><strong>Discreci\u00f3n en la fase cr\u00edtica<\/strong>: Reposar en tu hogar facilita atravesar el periodo de costras inicial tras un trasplante capilar con m\u00e1xima privacidad.<\/li>\n<li><strong>Adherencia al tratamiento<\/strong>: Disponer de tiempo libre constante simplifica cumplir los horarios de lavados e hidrataci\u00f3n de tu injerto cabello CDMX.<\/li>\n<li><strong>Optimizaci\u00f3n de licencias<\/strong>: Aprovechar el receso vacacional evita solicitar bajas m\u00e9dicas formales en tu empresa durante el a\u00f1o lectivo.<\/li>\n<li><strong>Bienestar en un implante capilar en verano<\/strong>: Descansar en espacios climatizados promueve un entorno id\u00f3neo para el agarre de cada unidad folicular.<\/li>\n<\/ul>\n<h3><span class=\"ez-toc-section\" id=\"Planificacion_estrategica_para_lucir_resultados_en_fin_de_ano\"><\/span><strong>Planificaci\u00f3n estrat\u00e9gica para lucir resultados en fin de a\u00f1o<\/strong><span class=\"ez-toc-section-end\"><\/span><\/h3>\n<p><strong>Operarte entre junio y agosto garantiza que el nuevo crecimiento folicular sea visible justo en las celebraciones de fin de a\u00f1o<\/strong>. El ciclo biol\u00f3gico del pelo requiere entre cuatro y seis meses para mostrar los primeros cambios notables de densidad:<\/p>\n<ul>\n<li><strong>Sincronizaci\u00f3n con el ciclo capilar<\/strong>: Tras la ca\u00edda temporal inicial, el tallo folicular renace fortalecido a partir del tercer mes postoperatorio.<\/li>\n<li><strong>Resultados visibles en festividades<\/strong>: Quienes realizan su injerto cabello CDMX en verano lucir\u00e1n una imagen renovada durante los eventos de diciembre.<\/li>\n<li><strong>Evoluci\u00f3n del trasplante capilar<\/strong>: Aproximadamente el 60 % del volumen folicular total se hace evidente al cumplir el sexto mes de evoluci\u00f3n.<\/li>\n<li><strong>Cambio progresivo y natural<\/strong>: La renovaci\u00f3n capilar gradual permite que el entorno perciba una mejora de imagen est\u00e9tica completamente org\u00e1nica.<\/li>\n<li><strong>\u00c9xito del implante capilar en verano<\/strong>: Iniciar el proceso en meses c\u00e1lidos te permite iniciar el pr\u00f3ximo a\u00f1o con una densidad renovada.<\/li>\n<\/ul>\n<h2><span class=\"ez-toc-section\" id=\"Tabla_comparativa_implante_capilar_en_verano_vs_invierno\"><\/span><strong>Tabla comparativa: implante capilar en verano vs. invierno<\/strong><span class=\"ez-toc-section-end\"><\/span><\/h2>\n<p><strong>Evaluar las diferencias t\u00e9cnicas entre operarse en \u00e9poca calurosa o fr\u00eda te ayuda a elegir el momento \u00f3ptimo seg\u00fan tu estilo de vida<\/strong>. Ambas estaciones presentan ventajas fisiol\u00f3gicas manejables mediante protocolos m\u00e9dicos definidos. Analizamos los factores clave para planificar tu implante capilar en verano o en invierno con \u00e9xito:<\/p>\n<table>\n<thead>\n<tr>\n<td><strong>Criterio de evaluaci\u00f3n<\/strong><\/td>\n<td><strong>Implante capilar en verano<\/strong><\/td>\n<td><strong>Implante capilar en invierno<\/strong><\/td>\n<\/tr>\n<\/thead>\n<tbody>\n<tr>\n<td><strong>Riego sangu\u00edneo dermal<\/strong><\/td>\n<td>Mayor vasodilataci\u00f3n, optimiza el flujo de nutrientes al injerto capilar.<\/td>\n<td>Menor irrigaci\u00f3n perif\u00e9rica por causa de la vasoconstricci\u00f3n.<\/td>\n<\/tr>\n<tr>\n<td><strong>Disponibilidad de tiempo<\/strong><\/td>\n<td>Alta flexibilidad por periodos vacacionales estivales prolongados.<\/td>\n<td>Menor disponibilidad de d\u00edas continuos de descanso laboral.<\/td>\n<\/tr>\n<tr>\n<td><strong>Manejo de sudoraci\u00f3n<\/strong><\/td>\n<td>Requiere permanecer en interiores climatizados la primera semana.<\/td>\n<td>Menor sudoraci\u00f3n natural en la zona receptora intervenida.<\/td>\n<\/tr>\n<tr>\n<td><strong>Uso de gorros o sombreros<\/strong><\/td>\n<td>Se recomiendan sombreros de copa alta que no rocen la dermis.<\/td>\n<td>Prohibidos los gorros de lana por fricci\u00f3n directa con los injertos.<\/td>\n<\/tr>\n<tr>\n<td><strong>Cicatrizaci\u00f3n cut\u00e1nea<\/strong><\/td>\n<td>Veloz gracias a la oxigenaci\u00f3n folicular favorecida por el clima.<\/td>\n<td>Moderada debido a la contracci\u00f3n vascular provocada por el fr\u00edo.<\/td>\n<\/tr>\n<tr>\n<td><strong>Avance en diciembre<\/strong><\/td>\n<td>Densidad folicular en pleno desarrollo visible entre 50 y 60 %.<\/td>\n<td>Fase inicial de ca\u00edda fisiol\u00f3gica en desarrollo.<\/td>\n<\/tr>\n<\/tbody>\n<\/table>\n<h2><span class=\"ez-toc-section\" id=\"Cuidados_esenciales_tras_un_implante_capilar_en_verano\"><\/span><strong>Cuidados esenciales tras un implante capilar en verano<\/strong><span class=\"ez-toc-section-end\"><\/span><\/h2>\n<p><strong>Preservar la salud de las unidades foliculares en meses calurosos requiere seguir un esquema postoperatorio de higiene y protecci\u00f3n riguroso<\/strong>. Cl\u00ednicas reconocidas mundialmente como <a href=\"https:\/\/www.capilclinic.mx\/\" target=\"_blank\" rel=\"noopener\"><strong>Capilclinic<\/strong><\/a> destacan que la disciplina postquir\u00fargica representa el 50 % del \u00e9xito definitivo. Conoce las recomendaciones esenciales para proteger tu trasplante capilar:<\/p>\n<h3><span class=\"ez-toc-section\" id=\"Proteccion_contra_los_rayos_solares_y_el_sudor_excesivo\"><\/span><strong>Protecci\u00f3n contra los rayos solares y el sudor excesivo<\/strong><span class=\"ez-toc-section-end\"><\/span><\/h3>\n<p><strong>Resguardar la zona receptora del sol directo y de la sudoraci\u00f3n excesiva previene complicaciones de pigmentaci\u00f3n e inflamaci\u00f3n epid\u00e9rmica<\/strong>. La radiaci\u00f3n ultravioleta altera la cicatrizaci\u00f3n de las incisiones y puede comprometer la supervivencia de las ra\u00edces capilares:<\/p>\n<ul>\n<li><strong>Sombra f\u00edsica prioritaria<\/strong>: Evita exponerte al sol directo entre las 10:00 y las 16:00 horas tras tu injerto capilar.<\/li>\n<li><strong>Uso de sombreros protectores<\/strong>: Emplea sombreros de estructura r\u00edgida que protejan del sol a tu injerto cabello CDMX sin rozarlo.<\/li>\n<li><strong>Permanencia en interiores frescos<\/strong>: Mantente en habitaciones con aire acondicionado para evitar transpiraci\u00f3n copiosa durante los primeros 10 d\u00edas.<\/li>\n<li><strong>Protocolo postoperatorio del trasplante capilar<\/strong>: Evita aplicar cremas solares directamente en la zona folicular hasta recibir la autorizaci\u00f3n m\u00e9dica.<\/li>\n<li><strong>Seguridad en el implante capilar en verano<\/strong>: Mantener la dermis fresca y ventilada acelera el cierre de las heridas sin generar irritaciones.<\/li>\n<\/ul>\n<h3><span class=\"ez-toc-section\" id=\"Protocolo_de_hidratacion_y_lavado_en_climas_calidos_como_el_injerto_cabello_CDMX\"><\/span><strong>Protocolo de hidrataci\u00f3n y lavado en climas c\u00e1lidos como el injerto cabello CDMX<\/strong><span class=\"ez-toc-section-end\"><\/span><\/h3>\n<p><strong>La higiene diaria en ambientes c\u00e1lidos debe realizarse con extrema delicadeza para retirar sebo e impurezas sin desplazar los injertos<\/strong>. Mantener la zona hidratada facilita el desprendimiento suave de costras y favorece una oxigenaci\u00f3n folicular constante:<\/p>\n<ul>\n<li><strong>Limpieza con f\u00f3rmula suave<\/strong>: El uso de un champ\u00fa natural como el de <a href=\"https:\/\/vilanolabs.com\/\" target=\"_blank\" rel=\"noopener\"><strong>VilanoLabs<\/strong><\/a> garantiza un lavado antis\u00e9ptico y libre de irritantes.<\/li>\n<li><strong>Aplicaci\u00f3n mediante espuma<\/strong>: Genera abundante espuma con las manos antes de asentarla muy suavemente sobre tu injerto cabello CDMX.<\/li>\n<li><strong>Aclarado sin presi\u00f3n directa<\/strong>: Enjuaga el cuero cabelludo usando agua a temperatura ambiente vertida delicadamente al lavar tu injerto capilar.<\/li>\n<li><strong>Hidrataci\u00f3n salina continua<\/strong>: Aplica suero fisiol\u00f3gico en <em>spray<\/em> cada dos horas para aliviar la tirantez habitual tras un trasplante capilar.<\/li>\n<li><strong>Secado natural al aire<\/strong>: Permite que el \u00e1rea receptora se seque al aire libre sin frotar con toallas durante un implante capilar en verano.<\/li>\n<\/ul>\n<h2><span class=\"ez-toc-section\" id=\"Preguntas_frecuentes_FAQ\"><\/span><strong>Preguntas frecuentes (FAQ)<\/strong><span class=\"ez-toc-section-end\"><\/span><\/h2>\n<p>Las preguntas frecuentes aclaran las dudas principales sobre los tiempos de reposo, el uso de gorras, la sudoraci\u00f3n y los cuidados veraniegos. A continuaci\u00f3n, respondemos las inquietudes m\u00e1s comunes para garantizar que afrontes tu intervenci\u00f3n m\u00e9dica con total informaci\u00f3n y confianza:<\/p>\n<h3><span class=\"ez-toc-section\" id=\"%C2%BFCuanto_tiempo_debo_esperar_para_meterme_a_la_alberca_o_al_mar_tras_un_implante_capilar_en_verano\"><\/span><strong>\u00bfCu\u00e1nto tiempo debo esperar para meterme a la alberca o al mar tras un implante capilar en verano?<\/strong><span class=\"ez-toc-section-end\"><\/span><\/h3>\n<p><strong>Debes esperar exactamente cuatro semanas para meterte a la alberca o al mar tras realizarte un implante capilar en verano<\/strong>. Durante el primer mes, el cloro y la sal marina pueden irritar el cuero cabelludo reci\u00e9n intervenido. Pasado ese per\u00edodo, los fol\u00edculos estar\u00e1n totalmente asentados y seguros.<\/p>\n<h3><span class=\"ez-toc-section\" id=\"%C2%BFPuedo_usar_gorra_o_sombrero_tras_un_injerto_cabello_CDMX_bajo_el_sol_de_verano\"><\/span><strong>\u00bfPuedo usar gorra o sombrero tras un injerto cabello CDMX bajo el sol de verano?<\/strong><span class=\"ez-toc-section-end\"><\/span><\/h3>\n<p><strong>S\u00ed puedes usar gorra o sombrero tras un injerto cabello CDMX, siempre que hayan transcurrido diez d\u00edas desde la cirug\u00eda y sea una prenda holgada<\/strong>. El accesorio debe ser de tela suave y transpirable para no oprimir la zona. Evita cualquier gorra ajustada que genere roce directo.<\/p>\n<h3><span class=\"ez-toc-section\" id=\"%C2%BFEl_sudor_en_exceso_afecta_el_crecimiento_en_un_injerto_capilar\"><\/span><strong>\u00bfEl sudor en exceso afecta el crecimiento en un injerto capilar?<\/strong><span class=\"ez-toc-section-end\"><\/span><\/h3>\n<p><strong>El sudor en exceso no afecta directamente el crecimiento en un injerto capilar, pero acumular suciedad o sal puede provocar inflamaciones<\/strong>. Para prevenir complicaciones, evita entrenamientos intensos durante dos semanas y mant\u00e9n una rutina de lavado antis\u00e9ptico diario prescrita por tu m\u00e9dico.<\/p>\n<h3><span class=\"ez-toc-section\" id=\"%C2%BFEs_mejor_agendar_un_trasplante_capilar_en_verano_o_esperar_al_invierno\"><\/span><strong>\u00bfEs mejor agendar un trasplante capilar en verano o esperar al invierno?<\/strong><span class=\"ez-toc-section-end\"><\/span><\/h3>\n<p><strong>Es igualmente efectivo agendar un trasplante capilar en verano que esperar al invierno, ya que la efectividad m\u00e9dica y densidad final son exactamente las mismas<\/strong>. El verano ofrece la ventaja de contar con vacaciones para descansar tranquilamente. Siguiendo los cuidados solares, un implante capilar en verano resultar\u00e1 perfecto.<\/p>\n<h3><span class=\"ez-toc-section\" id=\"%C2%BFQue_cuidados_especiales_requiere_un_injerto_capilar_si_vivo_en_una_zona_calurosa\"><\/span><strong>\u00bfQu\u00e9 cuidados especiales requiere un injerto capilar si vivo en una zona calurosa?<\/strong><span class=\"ez-toc-section-end\"><\/span><\/h3>\n<p><strong>Un injerto capilar en una zona calurosa requiere mantenerse en interiores frescos, usar champ\u00fa neutro, pulverizar suero y evitar la radiaci\u00f3n solar directa un mes<\/strong>. Asimismo, debes realizar lavados suaves con agua templada. Si contemplas un injerto cabello CDMX, estos h\u00e1bitos proteger\u00e1n tu salud cut\u00e1nea eficazmente.<\/p>\n<h2><span class=\"ez-toc-section\" id=\"Conclusion\"><\/span><strong>Conclusi\u00f3n<\/strong><span class=\"ez-toc-section-end\"><\/span><\/h2>\n<p>En conclusi\u00f3n, operarse en \u00e9poca estival es una decisi\u00f3n sumamente acertada para recuperar la densidad capilar de forma segura, relajada y duradera. <strong>Al aprovechar el per\u00edodo vacacional, reduces el estr\u00e9s laboral y dedicas el tiempo necesario a una recuperaci\u00f3n pausada<\/strong>. Las t\u00e9cnicas m\u00e9dicas modernas garantizan tasas de \u00e9xito elevadas sin importar el clima.<\/p>\n<p>Si est\u00e1s planeando un injerto cabello CDMX o buscando dar el paso definitivo hacia tu renovaci\u00f3n est\u00e9tica, la \u00e9poca de calor es el momento ideal. Siguiendo los lavados y la protecci\u00f3n solar adecuada, ver\u00e1s crecer un pelo fuerte. Dec\u00eddete hoy a realizarte un implante capilar en verano para transformar tu imagen personal.<\/p>\n","protected":false},"excerpt":{"rendered":"<p>Realizarse un implante capilar en verano es una alternativa totalmente segura si sigues las indicaciones m\u00e9dicas adecuadas. Muchas personas creen que el calor arruina el&hellip; <\/p>\n","protected":false},"author":3,"featured_media":19149,"comment_status":"open","ping_status":"open","sticky":false,"template":"","format":"standard","meta":{"footnotes":""},"categories":[10],"tags":[104,75,15,19],"class_list":["post-19148","post","type-post","status-publish","format-standard","has-post-thumbnail","hentry","category-injerto-cabello","tag-implante-capilar-en-verano","tag-injerto-cabello-cdmx","tag-injerto-capilar","tag-trasplante-capilar"],"yoast_head":"<!-- This site is optimized with the Yoast SEO plugin v28.3 - https:\/\/yoast.com\/product\/yoast-seo-wordpress\/ -->\n<title>Implante capilar en verano, mitos y realidad - Capilclinic M\u00e9xico Blog<\/title>\n<meta name=\"description\" content=\"\u00bfImplante capilar en verano? Descubre la verdad: mitos vs. realidad, cuidados esenciales y resultados naturales. \u00a1Inf\u00f3rmate antes de decidir!\" \/>\n<meta name=\"robots\" content=\"index, follow, max-snippet:-1, max-image-preview:large, max-video-preview:-1\" \/>\n<link rel=\"canonical\" href=\"https:\/\/www.capilclinic.mx\/blog\/implante-capilar-verano\/\" \/>\n<meta property=\"og:locale\" content=\"es_MX\" \/>\n<meta property=\"og:type\" content=\"article\" \/>\n<meta property=\"og:title\" content=\"Implante capilar en verano, mitos y realidad - Capilclinic M\u00e9xico Blog\" \/>\n<meta property=\"og:description\" content=\"\u00bfImplante capilar en verano? Descubre la verdad: mitos vs. realidad, cuidados esenciales y resultados naturales. \u00a1Inf\u00f3rmate antes de decidir!\" \/>\n<meta property=\"og:url\" content=\"https:\/\/www.capilclinic.mx\/blog\/implante-capilar-verano\/\" \/>\n<meta property=\"og:site_name\" content=\"Capilclinic M\u00e9xico Blog\" \/>\n<meta property=\"article:published_time\" content=\"2026-08-31T15:41:21+00:00\" \/>\n<meta property=\"article:modified_time\" content=\"2026-08-31T16:51:59+00:00\" \/>\n<meta property=\"og:image\" content=\"https:\/\/www.capilclinic.mx\/blog\/wp-content\/uploads\/2025\/07\/Implante-capilar-en-verano-mitos-y-realidad.jpg\" \/>\n\t<meta property=\"og:image:width\" content=\"600\" \/>\n\t<meta property=\"og:image:height\" content=\"400\" \/>\n\t<meta property=\"og:image:type\" content=\"image\/jpeg\" \/>\n<meta name=\"author\" content=\"Felix\" \/>\n<meta name=\"twitter:card\" content=\"summary_large_image\" \/>\n<meta name=\"twitter:label1\" content=\"Escrito por\" \/>\n\t<meta name=\"twitter:data1\" content=\"Felix\" \/>\n\t<meta name=\"twitter:label2\" content=\"Tiempo de lectura\" \/>\n\t<meta name=\"twitter:data2\" content=\"12 minutos\" \/>\n<script type=\"application\/ld+json\" class=\"yoast-schema-graph\">{\"@context\":\"https:\\\/\\\/schema.org\",\"@graph\":[{\"@type\":\"Article\",\"@id\":\"https:\\\/\\\/www.capilclinic.mx\\\/blog\\\/implante-capilar-verano\\\/#article\",\"isPartOf\":{\"@id\":\"https:\\\/\\\/www.capilclinic.mx\\\/blog\\\/implante-capilar-verano\\\/\"},\"author\":{\"name\":\"Felix\",\"@id\":\"https:\\\/\\\/www.capilclinic.mx\\\/blog\\\/#\\\/schema\\\/person\\\/79da29c756a01d417a1877eccabc7353\"},\"headline\":\"Implante capilar en verano, mitos y realidad\",\"datePublished\":\"2026-08-31T15:41:21+00:00\",\"dateModified\":\"2026-08-31T16:51:59+00:00\",\"mainEntityOfPage\":{\"@id\":\"https:\\\/\\\/www.capilclinic.mx\\\/blog\\\/implante-capilar-verano\\\/\"},\"wordCount\":2319,\"commentCount\":0,\"image\":{\"@id\":\"https:\\\/\\\/www.capilclinic.mx\\\/blog\\\/implante-capilar-verano\\\/#primaryimage\"},\"thumbnailUrl\":\"https:\\\/\\\/www.capilclinic.mx\\\/blog\\\/wp-content\\\/uploads\\\/2025\\\/07\\\/Implante-capilar-en-verano-mitos-y-realidad.jpg\",\"keywords\":[\"implante capilar en verano\",\"injerto cabello cdmx\",\"injerto capilar\",\"trasplante capilar\"],\"articleSection\":[\"Injerto cabello\"],\"inLanguage\":\"es\",\"potentialAction\":[{\"@type\":\"CommentAction\",\"name\":\"Comment\",\"target\":[\"https:\\\/\\\/www.capilclinic.mx\\\/blog\\\/implante-capilar-verano\\\/#respond\"]}]},{\"@type\":\"WebPage\",\"@id\":\"https:\\\/\\\/www.capilclinic.mx\\\/blog\\\/implante-capilar-verano\\\/\",\"url\":\"https:\\\/\\\/www.capilclinic.mx\\\/blog\\\/implante-capilar-verano\\\/\",\"name\":\"Implante capilar en verano, mitos y realidad - Capilclinic M\u00e9xico Blog\",\"isPartOf\":{\"@id\":\"https:\\\/\\\/www.capilclinic.mx\\\/blog\\\/#website\"},\"primaryImageOfPage\":{\"@id\":\"https:\\\/\\\/www.capilclinic.mx\\\/blog\\\/implante-capilar-verano\\\/#primaryimage\"},\"image\":{\"@id\":\"https:\\\/\\\/www.capilclinic.mx\\\/blog\\\/implante-capilar-verano\\\/#primaryimage\"},\"thumbnailUrl\":\"https:\\\/\\\/www.capilclinic.mx\\\/blog\\\/wp-content\\\/uploads\\\/2025\\\/07\\\/Implante-capilar-en-verano-mitos-y-realidad.jpg\",\"datePublished\":\"2026-08-31T15:41:21+00:00\",\"dateModified\":\"2026-08-31T16:51:59+00:00\",\"author\":{\"@id\":\"https:\\\/\\\/www.capilclinic.mx\\\/blog\\\/#\\\/schema\\\/person\\\/79da29c756a01d417a1877eccabc7353\"},\"description\":\"\u00bfImplante capilar en verano? Descubre la verdad: mitos vs. realidad, cuidados esenciales y resultados naturales. \u00a1Inf\u00f3rmate antes de decidir!\",\"breadcrumb\":{\"@id\":\"https:\\\/\\\/www.capilclinic.mx\\\/blog\\\/implante-capilar-verano\\\/#breadcrumb\"},\"inLanguage\":\"es\",\"potentialAction\":[{\"@type\":\"ReadAction\",\"target\":[\"https:\\\/\\\/www.capilclinic.mx\\\/blog\\\/implante-capilar-verano\\\/\"]}]},{\"@type\":\"ImageObject\",\"inLanguage\":\"es\",\"@id\":\"https:\\\/\\\/www.capilclinic.mx\\\/blog\\\/implante-capilar-verano\\\/#primaryimage\",\"url\":\"https:\\\/\\\/www.capilclinic.mx\\\/blog\\\/wp-content\\\/uploads\\\/2025\\\/07\\\/Implante-capilar-en-verano-mitos-y-realidad.jpg\",\"contentUrl\":\"https:\\\/\\\/www.capilclinic.mx\\\/blog\\\/wp-content\\\/uploads\\\/2025\\\/07\\\/Implante-capilar-en-verano-mitos-y-realidad.jpg\",\"width\":600,\"height\":400,\"caption\":\"Implante capilar en verano - Hombre con alopecia considerando hacerse un injerto cabello CDMX en verano\"},{\"@type\":\"BreadcrumbList\",\"@id\":\"https:\\\/\\\/www.capilclinic.mx\\\/blog\\\/implante-capilar-verano\\\/#breadcrumb\",\"itemListElement\":[{\"@type\":\"ListItem\",\"position\":1,\"name\":\"Portada\",\"item\":\"https:\\\/\\\/www.capilclinic.mx\\\/blog\\\/\"},{\"@type\":\"ListItem\",\"position\":2,\"name\":\"Implante capilar en verano, mitos y realidad\"}]},{\"@type\":\"WebSite\",\"@id\":\"https:\\\/\\\/www.capilclinic.mx\\\/blog\\\/#website\",\"url\":\"https:\\\/\\\/www.capilclinic.mx\\\/blog\\\/\",\"name\":\"Capilclinic M\u00e9xico Blog\",\"description\":\"\",\"potentialAction\":[{\"@type\":\"SearchAction\",\"target\":{\"@type\":\"EntryPoint\",\"urlTemplate\":\"https:\\\/\\\/www.capilclinic.mx\\\/blog\\\/?s={search_term_string}\"},\"query-input\":{\"@type\":\"PropertyValueSpecification\",\"valueRequired\":true,\"valueName\":\"search_term_string\"}}],\"inLanguage\":\"es\"},{\"@type\":\"Person\",\"@id\":\"https:\\\/\\\/www.capilclinic.mx\\\/blog\\\/#\\\/schema\\\/person\\\/79da29c756a01d417a1877eccabc7353\",\"name\":\"Felix\",\"image\":{\"@type\":\"ImageObject\",\"inLanguage\":\"es\",\"@id\":\"https:\\\/\\\/secure.gravatar.com\\\/avatar\\\/67480be031c3765fe4eb5d56e55ab7d7762eab7f6de5e776c87167692eeeaf29?s=96&d=mm&r=g\",\"url\":\"https:\\\/\\\/secure.gravatar.com\\\/avatar\\\/67480be031c3765fe4eb5d56e55ab7d7762eab7f6de5e776c87167692eeeaf29?s=96&d=mm&r=g\",\"contentUrl\":\"https:\\\/\\\/secure.gravatar.com\\\/avatar\\\/67480be031c3765fe4eb5d56e55ab7d7762eab7f6de5e776c87167692eeeaf29?s=96&d=mm&r=g\",\"caption\":\"Felix\"},\"url\":\"https:\\\/\\\/www.capilclinic.mx\\\/blog\\\/author\\\/felix\\\/\"}]}<\/script>\n<!-- \/ Yoast SEO plugin. -->","yoast_head_json":{"title":"Implante capilar en verano, mitos y realidad - Capilclinic M\u00e9xico Blog","description":"\u00bfImplante capilar en verano? Descubre la verdad: mitos vs. realidad, cuidados esenciales y resultados naturales. \u00a1Inf\u00f3rmate antes de decidir!","robots":{"index":"index","follow":"follow","max-snippet":"max-snippet:-1","max-image-preview":"max-image-preview:large","max-video-preview":"max-video-preview:-1"},"canonical":"https:\/\/www.capilclinic.mx\/blog\/implante-capilar-verano\/","og_locale":"es_MX","og_type":"article","og_title":"Implante capilar en verano, mitos y realidad - Capilclinic M\u00e9xico Blog","og_description":"\u00bfImplante capilar en verano? Descubre la verdad: mitos vs. realidad, cuidados esenciales y resultados naturales. \u00a1Inf\u00f3rmate antes de decidir!","og_url":"https:\/\/www.capilclinic.mx\/blog\/implante-capilar-verano\/","og_site_name":"Capilclinic M\u00e9xico Blog","article_published_time":"2026-08-31T15:41:21+00:00","article_modified_time":"2026-08-31T16:51:59+00:00","og_image":[{"width":600,"height":400,"url":"https:\/\/www.capilclinic.mx\/blog\/wp-content\/uploads\/2025\/07\/Implante-capilar-en-verano-mitos-y-realidad.jpg","type":"image\/jpeg"}],"author":"Felix","twitter_card":"summary_large_image","twitter_misc":{"Escrito por":"Felix","Tiempo de lectura":"12 minutos"},"schema":{"@context":"https:\/\/schema.org","@graph":[{"@type":"Article","@id":"https:\/\/www.capilclinic.mx\/blog\/implante-capilar-verano\/#article","isPartOf":{"@id":"https:\/\/www.capilclinic.mx\/blog\/implante-capilar-verano\/"},"author":{"name":"Felix","@id":"https:\/\/www.capilclinic.mx\/blog\/#\/schema\/person\/79da29c756a01d417a1877eccabc7353"},"headline":"Implante capilar en verano, mitos y realidad","datePublished":"2026-08-31T15:41:21+00:00","dateModified":"2026-08-31T16:51:59+00:00","mainEntityOfPage":{"@id":"https:\/\/www.capilclinic.mx\/blog\/implante-capilar-verano\/"},"wordCount":2319,"commentCount":0,"image":{"@id":"https:\/\/www.capilclinic.mx\/blog\/implante-capilar-verano\/#primaryimage"},"thumbnailUrl":"https:\/\/www.capilclinic.mx\/blog\/wp-content\/uploads\/2025\/07\/Implante-capilar-en-verano-mitos-y-realidad.jpg","keywords":["implante capilar en verano","injerto cabello cdmx","injerto capilar","trasplante capilar"],"articleSection":["Injerto cabello"],"inLanguage":"es","potentialAction":[{"@type":"CommentAction","name":"Comment","target":["https:\/\/www.capilclinic.mx\/blog\/implante-capilar-verano\/#respond"]}]},{"@type":"WebPage","@id":"https:\/\/www.capilclinic.mx\/blog\/implante-capilar-verano\/","url":"https:\/\/www.capilclinic.mx\/blog\/implante-capilar-verano\/","name":"Implante capilar en verano, mitos y realidad - Capilclinic M\u00e9xico Blog","isPartOf":{"@id":"https:\/\/www.capilclinic.mx\/blog\/#website"},"primaryImageOfPage":{"@id":"https:\/\/www.capilclinic.mx\/blog\/implante-capilar-verano\/#primaryimage"},"image":{"@id":"https:\/\/www.capilclinic.mx\/blog\/implante-capilar-verano\/#primaryimage"},"thumbnailUrl":"https:\/\/www.capilclinic.mx\/blog\/wp-content\/uploads\/2025\/07\/Implante-capilar-en-verano-mitos-y-realidad.jpg","datePublished":"2026-08-31T15:41:21+00:00","dateModified":"2026-08-31T16:51:59+00:00","author":{"@id":"https:\/\/www.capilclinic.mx\/blog\/#\/schema\/person\/79da29c756a01d417a1877eccabc7353"},"description":"\u00bfImplante capilar en verano? Descubre la verdad: mitos vs. realidad, cuidados esenciales y resultados naturales. \u00a1Inf\u00f3rmate antes de decidir!","breadcrumb":{"@id":"https:\/\/www.capilclinic.mx\/blog\/implante-capilar-verano\/#breadcrumb"},"inLanguage":"es","potentialAction":[{"@type":"ReadAction","target":["https:\/\/www.capilclinic.mx\/blog\/implante-capilar-verano\/"]}]},{"@type":"ImageObject","inLanguage":"es","@id":"https:\/\/www.capilclinic.mx\/blog\/implante-capilar-verano\/#primaryimage","url":"https:\/\/www.capilclinic.mx\/blog\/wp-content\/uploads\/2025\/07\/Implante-capilar-en-verano-mitos-y-realidad.jpg","contentUrl":"https:\/\/www.capilclinic.mx\/blog\/wp-content\/uploads\/2025\/07\/Implante-capilar-en-verano-mitos-y-realidad.jpg","width":600,"height":400,"caption":"Implante capilar en verano - Hombre con alopecia considerando hacerse un injerto cabello CDMX en verano"},{"@type":"BreadcrumbList","@id":"https:\/\/www.capilclinic.mx\/blog\/implante-capilar-verano\/#breadcrumb","itemListElement":[{"@type":"ListItem","position":1,"name":"Portada","item":"https:\/\/www.capilclinic.mx\/blog\/"},{"@type":"ListItem","position":2,"name":"Implante capilar en verano, mitos y realidad"}]},{"@type":"WebSite","@id":"https:\/\/www.capilclinic.mx\/blog\/#website","url":"https:\/\/www.capilclinic.mx\/blog\/","name":"Capilclinic M\u00e9xico Blog","description":"","potentialAction":[{"@type":"SearchAction","target":{"@type":"EntryPoint","urlTemplate":"https:\/\/www.capilclinic.mx\/blog\/?s={search_term_string}"},"query-input":{"@type":"PropertyValueSpecification","valueRequired":true,"valueName":"search_term_string"}}],"inLanguage":"es"},{"@type":"Person","@id":"https:\/\/www.capilclinic.mx\/blog\/#\/schema\/person\/79da29c756a01d417a1877eccabc7353","name":"Felix","image":{"@type":"ImageObject","inLanguage":"es","@id":"https:\/\/secure.gravatar.com\/avatar\/67480be031c3765fe4eb5d56e55ab7d7762eab7f6de5e776c87167692eeeaf29?s=96&d=mm&r=g","url":"https:\/\/secure.gravatar.com\/avatar\/67480be031c3765fe4eb5d56e55ab7d7762eab7f6de5e776c87167692eeeaf29?s=96&d=mm&r=g","contentUrl":"https:\/\/secure.gravatar.com\/avatar\/67480be031c3765fe4eb5d56e55ab7d7762eab7f6de5e776c87167692eeeaf29?s=96&d=mm&r=g","caption":"Felix"},"url":"https:\/\/www.capilclinic.mx\/blog\/author\/felix\/"}]}},"_links":{"self":[{"href":"https:\/\/www.capilclinic.mx\/blog\/wp-json\/wp\/v2\/posts\/19148","targetHints":{"allow":["GET"]}}],"collection":[{"href":"https:\/\/www.capilclinic.mx\/blog\/wp-json\/wp\/v2\/posts"}],"about":[{"href":"https:\/\/www.capilclinic.mx\/blog\/wp-json\/wp\/v2\/types\/post"}],"author":[{"embeddable":true,"href":"https:\/\/www.capilclinic.mx\/blog\/wp-json\/wp\/v2\/users\/3"}],"replies":[{"embeddable":true,"href":"https:\/\/www.capilclinic.mx\/blog\/wp-json\/wp\/v2\/comments?post=19148"}],"version-history":[{"count":11,"href":"https:\/\/www.capilclinic.mx\/blog\/wp-json\/wp\/v2\/posts\/19148\/revisions"}],"predecessor-version":[{"id":20927,"href":"https:\/\/www.capilclinic.mx\/blog\/wp-json\/wp\/v2\/posts\/19148\/revisions\/20927"}],"wp:featuredmedia":[{"embeddable":true,"href":"https:\/\/www.capilclinic.mx\/blog\/wp-json\/wp\/v2\/media\/19149"}],"wp:attachment":[{"href":"https:\/\/www.capilclinic.mx\/blog\/wp-json\/wp\/v2\/media?parent=19148"}],"wp:term":[{"taxonomy":"category","embeddable":true,"href":"https:\/\/www.capilclinic.mx\/blog\/wp-json\/wp\/v2\/categories?post=19148"},{"taxonomy":"post_tag","embeddable":true,"href":"https:\/\/www.capilclinic.mx\/blog\/wp-json\/wp\/v2\/tags?post=19148"}],"curies":[{"name":"wp","href":"https:\/\/api.w.org\/{rel}","templated":true}]}}